{"id":174,"date":"2022-11-11T14:20:26","date_gmt":"2022-11-11T17:20:26","guid":{"rendered":"https:\/\/fonaf.org.ar\/?p=174"},"modified":"2022-11-11T14:20:26","modified_gmt":"2022-11-11T17:20:26","slug":"plenario-nacional-de-la-mesa-agroalimentaria-argentina","status":"publish","type":"post","link":"https:\/\/fonaf.org.ar\/?p=174","title":{"rendered":"Plenario nacional de la Mesa Agroalimentaria Argentina."},"content":{"rendered":"\n<p>En localidad cordobesa de Camilo Aldao, se realiz\u00f3 el plenario nacional de la Mesa Agroalimentaria Argentina.<\/p>\n\n\n\n<figure class=\"wp-block-image size-large\"><img loading=\"lazy\" decoding=\"async\" width=\"1024\" height=\"576\" src=\"https:\/\/fonaf.org.ar\/wp-content\/uploads\/2022\/11\/MesaAgroalimentaria2-1024x576.jpeg\" alt=\"\" class=\"wp-image-175\" srcset=\"https:\/\/fonaf.org.ar\/wp-content\/uploads\/2022\/11\/MesaAgroalimentaria2-1024x576.jpeg 1024w, https:\/\/fonaf.org.ar\/wp-content\/uploads\/2022\/11\/MesaAgroalimentaria2-300x169.jpeg 300w, https:\/\/fonaf.org.ar\/wp-content\/uploads\/2022\/11\/MesaAgroalimentaria2-768x432.jpeg 768w, https:\/\/fonaf.org.ar\/wp-content\/uploads\/2022\/11\/MesaAgroalimentaria2-320x180.jpeg 320w, https:\/\/fonaf.org.ar\/wp-content\/uploads\/2022\/11\/MesaAgroalimentaria2.jpeg 1280w\" sizes=\"auto, (max-width: 1024px) 100vw, 1024px\" \/><\/figure>\n\n\n\n<p>En esta ocasi\u00f3n la FONAF se suma para ampliar la representaci\u00f3n como herramienta gremial de los peque\u00f1os productores agropecuarios y familias campesinas-ind\u00edgenas. <\/p>\n\n\n\n<p>\u00a0&#8220;Antes est\u00e1bamos fuera de todo. Pero est\u00e1 integraci\u00f3n es un nuevo desaf\u00edo para luchar por m\u00e1s producci\u00f3n y tecnolog\u00eda.\u00a0<strong>Si no nos escuchan como organizaciones, que escuchen a esta Mesa Agroalimentaria<\/strong>\u00a0que es muy importante&#8221;, complet\u00f3 el presidente de la FONAF, Ricardo Sirotiuk.<\/p>\n\n\n\n<p>La ampliaci\u00f3n de la Mesa Agroalimentaria significa tambi\u00e9n fortalecer las l\u00edneas de acci\u00f3n para detener la concentraci\u00f3n de la tierra en pocas manos, \u201cNo cesamos en la construcci\u00f3n de una reforma agraria integral, propuesta pol\u00edtica que se basa en idearios compartidos:\u00a0<strong>el alimento es un derecho y no una mercanc\u00eda, el arraigo rural con acceso a la tierra y al agua<\/strong>\u201d, sostuvieron desde la Mesa Agroalimentaria tras el plenario nacional.<\/p>\n\n\n\n<p><\/p>\n","protected":false},"excerpt":{"rendered":"<p>En localidad cordobesa de Camilo Aldao, se realiz\u00f3 el plenario nacional de la Mesa Agroalimentaria<\/p>\n","protected":false},"author":1,"featured_media":175,"comment_status":"closed","ping_status":"closed","sticky":false,"template":"","format":"standard","meta":{"footnotes":""},"categories":[5],"tags":[],"class_list":["post-174","post","type-post","status-publish","format-standard","has-post-thumbnail","hentry","category-destacados"],"_links":{"self":[{"href":"https:\/\/fonaf.org.ar\/index.php?rest_route=\/wp\/v2\/posts\/174","targetHints":{"allow":["GET"]}}],"collection":[{"href":"https:\/\/fonaf.org.ar\/index.php?rest_route=\/wp\/v2\/posts"}],"about":[{"href":"https:\/\/fonaf.org.ar\/index.php?rest_route=\/wp\/v2\/types\/post"}],"author":[{"embeddable":true,"href":"https:\/\/fonaf.org.ar\/index.php?rest_route=\/wp\/v2\/users\/1"}],"replies":[{"embeddable":true,"href":"https:\/\/fonaf.org.ar\/index.php?rest_route=%2Fwp%2Fv2%2Fcomments&post=174"}],"version-history":[{"count":1,"href":"https:\/\/fonaf.org.ar\/index.php?rest_route=\/wp\/v2\/posts\/174\/revisions"}],"predecessor-version":[{"id":176,"href":"https:\/\/fonaf.org.ar\/index.php?rest_route=\/wp\/v2\/posts\/174\/revisions\/176"}],"wp:featuredmedia":[{"embeddable":true,"href":"https:\/\/fonaf.org.ar\/index.php?rest_route=\/wp\/v2\/media\/175"}],"wp:attachment":[{"href":"https:\/\/fonaf.org.ar\/index.php?rest_route=%2Fwp%2Fv2%2Fmedia&parent=174"}],"wp:term":[{"taxonomy":"category","embeddable":true,"href":"https:\/\/fonaf.org.ar\/index.php?rest_route=%2Fwp%2Fv2%2Fcategories&post=174"},{"taxonomy":"post_tag","embeddable":true,"href":"https:\/\/fonaf.org.ar\/index.php?rest_route=%2Fwp%2Fv2%2Ftags&post=174"}],"curies":[{"name":"wp","href":"https:\/\/api.w.org\/{rel}","templated":true}]}}