{"id":178,"date":"2022-11-18T23:14:08","date_gmt":"2022-11-19T02:14:08","guid":{"rendered":"https:\/\/fonaf.org.ar\/?p=178"},"modified":"2022-11-18T23:14:10","modified_gmt":"2022-11-19T02:14:10","slug":"la-fonaf-fue-recibida-por-el-secretario-juan-jose-bahillo","status":"publish","type":"post","link":"https:\/\/fonaf.org.ar\/?p=178","title":{"rendered":"La FONAF fue recibida por el Secretario Juan Jos\u00e9 Bahillo."},"content":{"rendered":"\n<p>Nos reunimos con el Secretario Juan Jose Bahillo a cargo de la cartera de Agricultura, Ganader\u00eda y Pesca de la Naci\u00f3n.<\/p>\n\n\n\n<figure class=\"wp-block-image size-large\"><img loading=\"lazy\" decoding=\"async\" width=\"1024\" height=\"708\" src=\"https:\/\/fonaf.org.ar\/wp-content\/uploads\/2022\/11\/FONAF_Bahillo2022-1024x708.jpeg\" alt=\"\" class=\"wp-image-180\" srcset=\"https:\/\/fonaf.org.ar\/wp-content\/uploads\/2022\/11\/FONAF_Bahillo2022-1024x708.jpeg 1024w, https:\/\/fonaf.org.ar\/wp-content\/uploads\/2022\/11\/FONAF_Bahillo2022-300x207.jpeg 300w, https:\/\/fonaf.org.ar\/wp-content\/uploads\/2022\/11\/FONAF_Bahillo2022-768x531.jpeg 768w, https:\/\/fonaf.org.ar\/wp-content\/uploads\/2022\/11\/FONAF_Bahillo2022.jpeg 1034w\" sizes=\"auto, (max-width: 1024px) 100vw, 1024px\" \/><\/figure>\n\n\n\n<p>Hacia mucho teimpo que no nos recibian reconociendo la importancia que tiene esta federaci\u00f3n en representacion del sector de los peque\u00f1os y medianos productores de la agricultura familiar. <\/p>\n\n\n\n<p>Fue un encuentro cordial, donde se pudo hablar de las problematicas y necesidades del sector, acercando propuestas acorde a los productores que representa la FONAF.<\/p>\n\n\n\n<p>El Secretario se comprometio a apoyar a nuestra federaci\u00f3n, aportando asesoria t\u00e9cnica y acompa\u00f1amiento en proyectos futuros.<\/p>\n","protected":false},"excerpt":{"rendered":"<p>Nos reunimos con el Secretario Juan Jose Bahillo a cargo de la cartera de Agricultura,<\/p>\n","protected":false},"author":1,"featured_media":180,"comment_status":"closed","ping_status":"closed","sticky":false,"template":"","format":"standard","meta":{"footnotes":""},"categories":[5],"tags":[],"class_list":["post-178","post","type-post","status-publish","format-standard","has-post-thumbnail","hentry","category-destacados"],"_links":{"self":[{"href":"https:\/\/fonaf.org.ar\/index.php?rest_route=\/wp\/v2\/posts\/178","targetHints":{"allow":["GET"]}}],"collection":[{"href":"https:\/\/fonaf.org.ar\/index.php?rest_route=\/wp\/v2\/posts"}],"about":[{"href":"https:\/\/fonaf.org.ar\/index.php?rest_route=\/wp\/v2\/types\/post"}],"author":[{"embeddable":true,"href":"https:\/\/fonaf.org.ar\/index.php?rest_route=\/wp\/v2\/users\/1"}],"replies":[{"embeddable":true,"href":"https:\/\/fonaf.org.ar\/index.php?rest_route=%2Fwp%2Fv2%2Fcomments&post=178"}],"version-history":[{"count":1,"href":"https:\/\/fonaf.org.ar\/index.php?rest_route=\/wp\/v2\/posts\/178\/revisions"}],"predecessor-version":[{"id":181,"href":"https:\/\/fonaf.org.ar\/index.php?rest_route=\/wp\/v2\/posts\/178\/revisions\/181"}],"wp:featuredmedia":[{"embeddable":true,"href":"https:\/\/fonaf.org.ar\/index.php?rest_route=\/wp\/v2\/media\/180"}],"wp:attachment":[{"href":"https:\/\/fonaf.org.ar\/index.php?rest_route=%2Fwp%2Fv2%2Fmedia&parent=178"}],"wp:term":[{"taxonomy":"category","embeddable":true,"href":"https:\/\/fonaf.org.ar\/index.php?rest_route=%2Fwp%2Fv2%2Fcategories&post=178"},{"taxonomy":"post_tag","embeddable":true,"href":"https:\/\/fonaf.org.ar\/index.php?rest_route=%2Fwp%2Fv2%2Ftags&post=178"}],"curies":[{"name":"wp","href":"https:\/\/api.w.org\/{rel}","templated":true}]}}