{"id":195,"date":"2023-07-04T23:36:36","date_gmt":"2023-07-05T02:36:36","guid":{"rendered":"https:\/\/fonaf.org.ar\/?p=195"},"modified":"2023-07-04T23:36:39","modified_gmt":"2023-07-05T02:36:39","slug":"en-argentina-nunca-hubo-un-modelo-agrario-popular-que-garantice-la-vida-digna-de-los-pequenos-productores-y-los-alimentos","status":"publish","type":"post","link":"https:\/\/fonaf.org.ar\/?p=195","title":{"rendered":"En Argentina nunca hubo un modelo agrario popular que garantice la vida digna de los peque\u00f1os productores y los alimentos."},"content":{"rendered":"\n<p>La Mesa Agroalimentaria Argentina realizar\u00e1 este mi\u00e9rcoles 5 de julio una caravana hacia el Congreso de la Naci\u00f3n. La concentraci\u00f3n ser\u00e1 a las 11 en Parque Lezama de la ciudad de Buenos Aires. La marcha pasar\u00e1 por la Secretar\u00eda de Agricultura de la Naci\u00f3n y, a las 13 horas, llegar\u00e1 al Congreso. All\u00ed presentar\u00e1 el &#8220;Programa agrario para el alimento&#8221;. El objetivo es impulsar una serie de leyes y pol\u00edticas p\u00fablicas que solucionen los problemas de acceso al alimento en el contexto inflacionario y que reduzcan la especulaci\u00f3n y la concentraci\u00f3n del sistema agroalimentario.<\/p>\n\n\n\n<figure class=\"wp-block-image size-full\"><img loading=\"lazy\" decoding=\"async\" width=\"680\" height=\"679\" src=\"https:\/\/fonaf.org.ar\/wp-content\/uploads\/2023\/07\/Movilizacion5723.jpg\" alt=\"\" class=\"wp-image-196\" srcset=\"https:\/\/fonaf.org.ar\/wp-content\/uploads\/2023\/07\/Movilizacion5723.jpg 680w, https:\/\/fonaf.org.ar\/wp-content\/uploads\/2023\/07\/Movilizacion5723-300x300.jpg 300w, https:\/\/fonaf.org.ar\/wp-content\/uploads\/2023\/07\/Movilizacion5723-150x150.jpg 150w\" sizes=\"auto, (max-width: 680px) 100vw, 680px\" \/><\/figure>\n\n\n\n<p>La Mesa Agroalimentaria est\u00e1 conformada por el MNCI-ST, la Uni\u00f3n de Trabajadores y Trabajadoras de la Tierra (UTT), la Federaci\u00f3n de Cooperativas Federadas (Fecofe), la Federaci\u00f3n de Organizaciones Nucleadas de la Agricultura Familiar (FONAF) y Bases Federadas \u2014un espacio disidente de la conducci\u00f3n actual de la Federaci\u00f3n Agraria Argentina\u2014.<\/p>\n\n\n\n<p>Entre las leyes y programas que se reclaman, se encuentra la aprobaci\u00f3n de las leyes de Acceso a la Tierra, de Arrendamiento Rural, de Protecci\u00f3n de Territorios de Familias Campesinas e Ind\u00edgenas y de Segmentaci\u00f3n Impositiva Agraria. Tambi\u00e9n exigen la creaci\u00f3n de una empresa p\u00fablica de alimentos, la ejecuci\u00f3n de un plan nacional de abastecimiento alimentario, financiamiento cooperativo, un programa nacional de impulso a la agroecolog\u00eda y un plan nacional de mercados de cercan\u00eda.<\/p>\n\n\n\n<p>S\u00f3lo el 13 por ciento de la tierra argentina est\u00e1 en manos de peque\u00f1os productores que producen m\u00e1s del 60 por ciento de los alimentos que circulan en el mercado interno, mientras que el uno por ciento de las empresas agrarias controla el 36 por ciento de la tierra cultivada. Al respecto, la Mesa reclama la sanci\u00f3n de la ley de acceso a la tierra, un eje clave para garantizar la soberan\u00eda alimentaria. La iniciativa estipula que el Banco Naci\u00f3n brinde cr\u00e9ditos blandos para que las que familias productoras puedan comprar las tierras que producen y comenzar a transicionar hacia la agroecolog\u00eda.<\/p>\n\n\n\n<p>Se espera que en la movilizaci\u00f3n participen representantes de 18 provincias. &#8220;Va a haber una gran representaci\u00f3n, no solamente federal, sino de los distintos sujetos del campo argentino: de referentes de comunidades originarias, de referentes de cooperativas, de referentes de organizaciones de la agricultura familiar y campesina&#8221;, anticip\u00f3 Mont\u00f3n.&nbsp;Desde la organizaci\u00f3n anticiparon que estar\u00e1n presentes campesinos y referentes de Jujuy, contando la situaci\u00f3n que atraviesa esa provincia, haciendo foco en la producci\u00f3n de alimentos.<\/p>\n\n\n\n<p>La caravana se suma a la del 22 y 23 de julio, en Tecn\u00f3polis, donde la Mesa realizar\u00e1 una Expo-Alimentaria.<\/p>\n\n\n\n<p>Zulma Molloja (UTT) 221 306-5875<br>Nahuel Levaggi (UTT) 11 3633-7324<br>Silvio Antinori (FECOFE) 341 579-7439<br>Isa\u00edas Ghio (FECOFE) 3468 43-7758<br>Diego Mont\u00f3n (MNCI ST) 261 561-5062<br>Natalia Manini (MNCI ST) 261 535-5716<br>Omar Pr\u00edncipe (Bases Federadas) 341506-3992<br>Ricardo Sirotiuk (FONAF) 2625 43-1505<br>Amador Rigoberto Lagos 299 56338032 (FONAF)<\/p>\n\n\n\n<p><\/p>\n","protected":false},"excerpt":{"rendered":"<p>La Mesa Agroalimentaria Argentina realizar\u00e1 este mi\u00e9rcoles 5 de julio una caravana hacia el Congreso<\/p>\n","protected":false},"author":1,"featured_media":0,"comment_status":"closed","ping_status":"closed","sticky":false,"template":"","format":"standard","meta":{"footnotes":""},"categories":[6],"tags":[],"class_list":["post-195","post","type-post","status-publish","format-standard","hentry","category-noticias"],"_links":{"self":[{"href":"https:\/\/fonaf.org.ar\/index.php?rest_route=\/wp\/v2\/posts\/195","targetHints":{"allow":["GET"]}}],"collection":[{"href":"https:\/\/fonaf.org.ar\/index.php?rest_route=\/wp\/v2\/posts"}],"about":[{"href":"https:\/\/fonaf.org.ar\/index.php?rest_route=\/wp\/v2\/types\/post"}],"author":[{"embeddable":true,"href":"https:\/\/fonaf.org.ar\/index.php?rest_route=\/wp\/v2\/users\/1"}],"replies":[{"embeddable":true,"href":"https:\/\/fonaf.org.ar\/index.php?rest_route=%2Fwp%2Fv2%2Fcomments&post=195"}],"version-history":[{"count":1,"href":"https:\/\/fonaf.org.ar\/index.php?rest_route=\/wp\/v2\/posts\/195\/revisions"}],"predecessor-version":[{"id":197,"href":"https:\/\/fonaf.org.ar\/index.php?rest_route=\/wp\/v2\/posts\/195\/revisions\/197"}],"wp:attachment":[{"href":"https:\/\/fonaf.org.ar\/index.php?rest_route=%2Fwp%2Fv2%2Fmedia&parent=195"}],"wp:term":[{"taxonomy":"category","embeddable":true,"href":"https:\/\/fonaf.org.ar\/index.php?rest_route=%2Fwp%2Fv2%2Fcategories&post=195"},{"taxonomy":"post_tag","embeddable":true,"href":"https:\/\/fonaf.org.ar\/index.php?rest_route=%2Fwp%2Fv2%2Ftags&post=195"}],"curies":[{"name":"wp","href":"https:\/\/api.w.org\/{rel}","templated":true}]}}