{"id":199,"date":"2023-07-15T13:22:30","date_gmt":"2023-07-15T16:22:30","guid":{"rendered":"https:\/\/fonaf.org.ar\/?p=199"},"modified":"2023-07-15T13:22:32","modified_gmt":"2023-07-15T16:22:32","slug":"la-fonaf-repudia-energicamente-la-intromision-ilegal-de-la-policia-provincial-en-la-universidad-nacional-de-jujuy","status":"publish","type":"post","link":"https:\/\/fonaf.org.ar\/?p=199","title":{"rendered":"La FONAF REPUDIA en\u00e9rgicamente la intromisi\u00f3n ilegal de la Polic\u00eda provincial en la Universidad Nacional de Jujuy."},"content":{"rendered":"\n<p>La Federaci\u00f3n de Organizaciones Nucleadas de la Agricultura Familiar exige no avasallar los derechos humanos irrumpiendo de manera violenta en las instituciones p\u00fablicas. Esto nos hace retroceder a tiempos de autoritarismo donde no se respetaban los principios de nuestra Constituci\u00f3n.<br>Como Agricultores Familiares comprometidos con la tierra y el trabajo agrario no podemos admitir \u00e9ste tipo de sometimientos por diferencias ideol\u00f3gicas y reclamos justos.<\/p>\n\n\n\n<figure class=\"wp-block-image size-full\"><img loading=\"lazy\" decoding=\"async\" width=\"1000\" height=\"520\" src=\"https:\/\/fonaf.org.ar\/wp-content\/uploads\/2023\/07\/UNMSM-jujuy-jul23.jpg\" alt=\"\" class=\"wp-image-200\" srcset=\"https:\/\/fonaf.org.ar\/wp-content\/uploads\/2023\/07\/UNMSM-jujuy-jul23.jpg 1000w, https:\/\/fonaf.org.ar\/wp-content\/uploads\/2023\/07\/UNMSM-jujuy-jul23-300x156.jpg 300w, https:\/\/fonaf.org.ar\/wp-content\/uploads\/2023\/07\/UNMSM-jujuy-jul23-768x399.jpg 768w\" sizes=\"auto, (max-width: 1000px) 100vw, 1000px\" \/><\/figure>\n\n\n\n<p><br>Y hacemos nuestras las palabras del Consejo Interuniversitario Nacional: \u201cReafirmamos el compromiso con la educaci\u00f3n p\u00fablica en general y las universidades argentinas en particular, entendiendo que se trata de un bien p\u00fablico y social que el Estado debe garantizar, bajo el cumplimiento estricto de las normas y el respeto por la autonom\u00eda universitaria\u201d<\/p>\n","protected":false},"excerpt":{"rendered":"<p>La Federaci\u00f3n de Organizaciones Nucleadas de la Agricultura Familiar exige no avasallar los derechos humanos<\/p>\n","protected":false},"author":1,"featured_media":200,"comment_status":"closed","ping_status":"closed","sticky":false,"template":"","format":"standard","meta":{"footnotes":""},"categories":[6],"tags":[],"class_list":["post-199","post","type-post","status-publish","format-standard","has-post-thumbnail","hentry","category-noticias"],"_links":{"self":[{"href":"https:\/\/fonaf.org.ar\/index.php?rest_route=\/wp\/v2\/posts\/199","targetHints":{"allow":["GET"]}}],"collection":[{"href":"https:\/\/fonaf.org.ar\/index.php?rest_route=\/wp\/v2\/posts"}],"about":[{"href":"https:\/\/fonaf.org.ar\/index.php?rest_route=\/wp\/v2\/types\/post"}],"author":[{"embeddable":true,"href":"https:\/\/fonaf.org.ar\/index.php?rest_route=\/wp\/v2\/users\/1"}],"replies":[{"embeddable":true,"href":"https:\/\/fonaf.org.ar\/index.php?rest_route=%2Fwp%2Fv2%2Fcomments&post=199"}],"version-history":[{"count":1,"href":"https:\/\/fonaf.org.ar\/index.php?rest_route=\/wp\/v2\/posts\/199\/revisions"}],"predecessor-version":[{"id":201,"href":"https:\/\/fonaf.org.ar\/index.php?rest_route=\/wp\/v2\/posts\/199\/revisions\/201"}],"wp:featuredmedia":[{"embeddable":true,"href":"https:\/\/fonaf.org.ar\/index.php?rest_route=\/wp\/v2\/media\/200"}],"wp:attachment":[{"href":"https:\/\/fonaf.org.ar\/index.php?rest_route=%2Fwp%2Fv2%2Fmedia&parent=199"}],"wp:term":[{"taxonomy":"category","embeddable":true,"href":"https:\/\/fonaf.org.ar\/index.php?rest_route=%2Fwp%2Fv2%2Fcategories&post=199"},{"taxonomy":"post_tag","embeddable":true,"href":"https:\/\/fonaf.org.ar\/index.php?rest_route=%2Fwp%2Fv2%2Ftags&post=199"}],"curies":[{"name":"wp","href":"https:\/\/api.w.org\/{rel}","templated":true}]}}