{"id":202,"date":"2023-07-21T00:08:07","date_gmt":"2023-07-21T03:08:07","guid":{"rendered":"https:\/\/fonaf.org.ar\/?p=202"},"modified":"2023-07-21T00:08:09","modified_gmt":"2023-07-21T03:08:09","slug":"la-mesa-agroalimentaria-argentina-se-reune-en-el-inta","status":"publish","type":"post","link":"https:\/\/fonaf.org.ar\/?p=202","title":{"rendered":"La Mesa Agroalimentaria Argentina se re\u00fane en el INTA."},"content":{"rendered":"\n<p>La FONAF parte de la Mesa Agroalimentaria Argentina (MAA) y juntos a los dem\u00e1s miembros integrantes UTT, MNCI-ST, FECOFE y Bases Federadas, se reunieron en las instalaciones de INTA en la ciudad de Buenos Aires con las autoridades de la instituci\u00f3n, para fortalecer el v\u00ednculo interinstitucional, analizar acciones conjuntas y evaluar pol\u00edticas destinadas a la producci\u00f3n, la comercializaci\u00f3n y el agregado de valor en alimentos.<\/p>\n\n\n\n<figure class=\"wp-block-image size-full\"><img loading=\"lazy\" decoding=\"async\" width=\"900\" height=\"599\" src=\"https:\/\/fonaf.org.ar\/wp-content\/uploads\/2023\/07\/WhatsApp-Image-2023-07-20-at-21.38.54.jpeg\" alt=\"\" class=\"wp-image-203\" srcset=\"https:\/\/fonaf.org.ar\/wp-content\/uploads\/2023\/07\/WhatsApp-Image-2023-07-20-at-21.38.54.jpeg 900w, https:\/\/fonaf.org.ar\/wp-content\/uploads\/2023\/07\/WhatsApp-Image-2023-07-20-at-21.38.54-300x200.jpeg 300w, https:\/\/fonaf.org.ar\/wp-content\/uploads\/2023\/07\/WhatsApp-Image-2023-07-20-at-21.38.54-768x511.jpeg 768w\" sizes=\"auto, (max-width: 900px) 100vw, 900px\" \/><\/figure>\n\n\n\n<p>La MAA insisti\u00f3 en la necesidad de incorporar a #ElOtroCampo en sus consejos regionales y que en sus objetivos se contemple las necesidades de los peque\u00f1os y medianos productores campesinos, cooperativistas y de la agricultura familiar.<\/p>\n\n\n\n<p>Se debati\u00f3 tambi\u00e9n, acerca de la investigaci\u00f3n y la extensi\u00f3n desde una mirada federal, con el objetivo de abordar a la alimentaci\u00f3n como un derecho, fomentar el arraigo rural y continuar el trabajo en los territorios.<\/p>\n","protected":false},"excerpt":{"rendered":"<p>La FONAF parte de la Mesa Agroalimentaria Argentina (MAA) y juntos a los dem\u00e1s miembros<\/p>\n","protected":false},"author":1,"featured_media":0,"comment_status":"closed","ping_status":"closed","sticky":false,"template":"","format":"standard","meta":{"footnotes":""},"categories":[5],"tags":[],"class_list":["post-202","post","type-post","status-publish","format-standard","hentry","category-destacados"],"_links":{"self":[{"href":"https:\/\/fonaf.org.ar\/index.php?rest_route=\/wp\/v2\/posts\/202","targetHints":{"allow":["GET"]}}],"collection":[{"href":"https:\/\/fonaf.org.ar\/index.php?rest_route=\/wp\/v2\/posts"}],"about":[{"href":"https:\/\/fonaf.org.ar\/index.php?rest_route=\/wp\/v2\/types\/post"}],"author":[{"embeddable":true,"href":"https:\/\/fonaf.org.ar\/index.php?rest_route=\/wp\/v2\/users\/1"}],"replies":[{"embeddable":true,"href":"https:\/\/fonaf.org.ar\/index.php?rest_route=%2Fwp%2Fv2%2Fcomments&post=202"}],"version-history":[{"count":1,"href":"https:\/\/fonaf.org.ar\/index.php?rest_route=\/wp\/v2\/posts\/202\/revisions"}],"predecessor-version":[{"id":204,"href":"https:\/\/fonaf.org.ar\/index.php?rest_route=\/wp\/v2\/posts\/202\/revisions\/204"}],"wp:attachment":[{"href":"https:\/\/fonaf.org.ar\/index.php?rest_route=%2Fwp%2Fv2%2Fmedia&parent=202"}],"wp:term":[{"taxonomy":"category","embeddable":true,"href":"https:\/\/fonaf.org.ar\/index.php?rest_route=%2Fwp%2Fv2%2Fcategories&post=202"},{"taxonomy":"post_tag","embeddable":true,"href":"https:\/\/fonaf.org.ar\/index.php?rest_route=%2Fwp%2Fv2%2Ftags&post=202"}],"curies":[{"name":"wp","href":"https:\/\/api.w.org\/{rel}","templated":true}]}}